{"id":85,"date":"2019-11-11T10:52:43","date_gmt":"2019-11-11T09:52:43","guid":{"rendered":"http:\/\/welfare.cmsmasters.net\/?p=85"},"modified":"2020-11-16T14:16:19","modified_gmt":"2020-11-16T13:16:19","slug":"ukoncila-sa-druha-rekonstrukcia-na-kulturnom-dome","status":"publish","type":"post","link":"https:\/\/budulov.kulturamoldava.sk\/hu\/ukoncila-sa-druha-rekonstrukcia-na-kulturnom-dome\/","title":{"rendered":"Befejez\u0151d\u00f6tt a kult\u00farh\u00e1z m\u00e1sodik nagyszab\u00e1s\u00fa fel\u00faj\u00edt\u00e1sa"},"content":{"rendered":"<div id=\"cmsmasters_row_\" class=\"cmsmasters_row cmsmasters_color_scheme_default cmsmasters_row_top_default cmsmasters_row_bot_default cmsmasters_row_boxed\">\n<div class=\"cmsmasters_row_outer_parent\">\n<div class=\"cmsmasters_row_outer\">\n<div class=\"cmsmasters_row_inner\">\n<div class=\"cmsmasters_row_margin\">\n<div id=\"cmsmasters_column_\" class=\"cmsmasters_column one_first\">\n<div class=\"cmsmasters_column_inner\"><div class=\"cmsmasters_text\">\n<p>Po dlh\u00fdch rokoch \u010dakania sa v roku 2018 za\u010dalo s renov\u00e1ciou priestorov v kult\u00farnom dome v Budulove za podpory vedenia mesta a mestsk\u00e9ho zastupite\u013estva. Suma 50 000 \u20ac zah\u0155\u0148ala v\u00fddavky spojen\u00e9 s v\u00fdmenou okien a dver\u00ed, kompletnou rekon\u0161trukciou toaliet, odkvapov\u00e9ho syst\u00e9mu a strechy.<\/p>\n<p>V renov\u00e1cii sa pokra\u010dovalo aj za\u010diatkom roka 2019, po\u010das ktorej Mestsk\u00e9 kult\u00farne stredisko zabezpe\u010dilo v\u00fdmenu vchodov\u00fdch dver\u00ed a renov\u00e1ciu parkiet vo ve\u013ekej s\u00e1le, in\u0161tal\u00e1ciu vertik\u00e1lnych \u017eal\u00fazi\u00ed, kompletn\u00fa v\u00fdmenu lustrov a svietidiel a vynovili sa kancel\u00e1rie na poschod\u00ed. N\u00e1sledne sa po\u010das letn\u00fdch pr\u00e1zdnin ulo\u017eila nov\u00e1 dla\u017eba na chodbe na pr\u00edzem\u00ed a vyma\u013eovali vn\u00fatorn\u00e9 priestory. Takto sme sa pripravili na sl\u00e1vnostn\u00fa udalos\u0165 odhalenia erbu mestskej \u010dasti Budulov a ob\u013e\u00fabenej ochutn\u00e1vky v\u00edn s n\u00e1zvom Vinalia, ktor\u00e9 sa konali 20. Septembra 2019.<\/p>\n<p>Po viac ako 40-tich rokoch sa obyvatelia mestskej \u010dasti Budulov do\u010dkali priestorov , ktor\u00e9 sa stali d\u00f4stojn\u00fdm miestom pre kult\u00farno-spolo\u010densk\u00fd \u017eivot. Mysl\u00edme si, \u017ee mesto Moldava nad Bodvou a mestsk\u00e9 kult\u00farne stredisko je pr\u00e1vom hrd\u00e9 na zrenovovan\u00fd kult\u00farny dom v Budulove.<\/p>\n<\/div>\n<\/div><\/div>\n<\/div>\n<\/div>\n<\/div>\n<\/div>\n<\/div>\n<div id=\"cmsmasters_row_esefbvpwzp\" class=\"cmsmasters_row cmsmasters_color_scheme_default cmsmasters_row_top_default cmsmasters_row_bot_default cmsmasters_row_boxed\">\n<div class=\"cmsmasters_row_outer_parent\">\n<div class=\"cmsmasters_row_outer\">\n<div class=\"cmsmasters_row_inner\">\n<div class=\"cmsmasters_row_margin\">\n<div id=\"cmsmasters_column_74ott21saf\" class=\"cmsmasters_column one_first\">\n<div class=\"cmsmasters_column_inner\"><div id=\"cmsmasters_gallery_rjen28dfnk\" class=\"cmsmasters_gallery_wrap\" data-type=\"masonry\" data-count=\"0\"><ul class=\"cmsmasters_gallery cmsmasters_3 cmsmasters_more_items_loader\"><li class=\"cmsmasters_gallery_item\"><figure><a href=\"https:\/\/budulov.kulturamoldava.sk\/wp-content\/uploads\/2019\/11\/ochutn\u00e1vka-v\u00edn-2019-1-e1573498660432.jpg\" rel=\"ilightbox[rjen28dfnk]\"><img loading=\"lazy\" decoding=\"async\" width=\"2900\" height=\"1933\" src=\"https:\/\/budulov.kulturamoldava.sk\/wp-content\/uploads\/2019\/11\/ochutn\u00e1vka-v\u00edn-2019-1-e1573498660432.jpg\" class=\"attachment-full size-full\" alt=\"\" \/><\/a><\/figure><\/li><li class=\"cmsmasters_gallery_item\"><figure><a href=\"https:\/\/budulov.kulturamoldava.sk\/wp-content\/uploads\/2019\/11\/ochutn\u00e1vka-v\u00edn-2019-7-e1573498683775.jpg\" rel=\"ilightbox[rjen28dfnk]\"><img loading=\"lazy\" decoding=\"async\" width=\"2900\" height=\"1933\" src=\"https:\/\/budulov.kulturamoldava.sk\/wp-content\/uploads\/2019\/11\/ochutn\u00e1vka-v\u00edn-2019-7-e1573498683775.jpg\" class=\"attachment-full size-full\" alt=\"\" \/><\/a><\/figure><\/li><li class=\"cmsmasters_gallery_item\"><figure><a href=\"https:\/\/budulov.kulturamoldava.sk\/wp-content\/uploads\/2019\/11\/ochutn\u00e1vka-v\u00edn-2019-6-e1573498701722.jpg\" rel=\"ilightbox[rjen28dfnk]\"><img loading=\"lazy\" decoding=\"async\" width=\"2900\" height=\"1933\" src=\"https:\/\/budulov.kulturamoldava.sk\/wp-content\/uploads\/2019\/11\/ochutn\u00e1vka-v\u00edn-2019-6-e1573498701722.jpg\" class=\"attachment-full size-full\" alt=\"\" \/><\/a><\/figure><\/li><\/ul><\/div>\n<\/div><\/div>\n<\/div>\n<\/div>\n<\/div>\n<\/div>\n<\/div>\n\n","protected":false},"excerpt":{"rendered":"<p>Bodoll\u00f3ban hossz\u00fa \u00e9vtizedes v\u00e1rakoz\u00e1sok ut\u00e1n 2018-ban v\u00e9gre megkezd\u0151d\u00f6tt a kult\u00farh\u00e1z fel\u00faj\u00edt\u00e1sa a v\u00e1ros t\u00e1mogat\u00e1s\u00e1val \u00e9s a k\u00e9pvisel\u0151-test\u00fclet j\u00f3v\u00e1hagy\u00e1s\u00e1val.<\/p>","protected":false},"author":1,"featured_media":14217,"comment_status":"closed","ping_status":"closed","sticky":false,"template":"","format":"image","meta":{"footnotes":""},"categories":[1],"tags":[],"class_list":["post-85","post","type-post","status-publish","format-image","has-post-thumbnail","hentry","category-nezaradene","post_format-post-format-image"],"yoast_head":"<!-- This site is optimized with the Yoast SEO plugin v27.5 - https:\/\/yoast.com\/product\/yoast-seo-wordpress\/ -->\n<title>Ukon\u010dila sa druh\u00e1 ve\u013ek\u00e1 rekon\u0161trukcia kult\u00farn\u00e9ho domu - Kult\u00farny dom Budulov<\/title>\n<meta name=\"robots\" content=\"index, follow, max-snippet:-1, max-image-preview:large, max-video-preview:-1\" \/>\n<link rel=\"canonical\" href=\"https:\/\/budulov.kulturamoldava.sk\/hu\/ukoncila-sa-druha-rekonstrukcia-na-kulturnom-dome\/\" \/>\n<meta property=\"og:locale\" content=\"hu_HU\" \/>\n<meta property=\"og:type\" content=\"article\" \/>\n<meta property=\"og:title\" content=\"Ukon\u010dila sa druh\u00e1 ve\u013ek\u00e1 rekon\u0161trukcia kult\u00farn\u00e9ho domu - Kult\u00farny dom Budulov\" \/>\n<meta property=\"og:description\" content=\"Po dlh\u00fdch rokoch \u010dakania sa v roku 2018 za\u010dalo s renov\u00e1ciou priestorov v kult\u00farnom dome v Budulove za podpory vedenia mesta a mestsk\u00e9ho zastupite\u013estva.\" \/>\n<meta property=\"og:url\" content=\"https:\/\/budulov.kulturamoldava.sk\/hu\/ukoncila-sa-druha-rekonstrukcia-na-kulturnom-dome\/\" \/>\n<meta property=\"og:site_name\" content=\"Kult\u00farny dom Budulov\" \/>\n<meta property=\"article:published_time\" content=\"2019-11-11T09:52:43+00:00\" \/>\n<meta property=\"article:modified_time\" content=\"2020-11-16T13:16:19+00:00\" \/>\n<meta property=\"og:image\" content=\"https:\/\/budulov.kulturamoldava.sk\/wp-content\/uploads\/2019\/11\/ochutn\u00e1vka-v\u00edn-2019-11-e1573507614835.jpg\" \/>\n\t<meta property=\"og:image:width\" content=\"2900\" \/>\n\t<meta property=\"og:image:height\" content=\"1934\" \/>\n\t<meta property=\"og:image:type\" content=\"image\/jpeg\" \/>\n<meta name=\"author\" content=\"kdbudulov\" \/>\n<meta name=\"twitter:card\" content=\"summary_large_image\" \/>\n<meta name=\"twitter:label1\" content=\"Szerz\u0151:\" \/>\n\t<meta name=\"twitter:data1\" content=\"kdbudulov\" \/>\n\t<meta name=\"twitter:label2\" content=\"Becs\u00fclt olvas\u00e1si id\u0151\" \/>\n\t<meta name=\"twitter:data2\" content=\"2 perc\" \/>\n<script type=\"application\/ld+json\" class=\"yoast-schema-graph\">{\"@context\":\"https:\\\/\\\/schema.org\",\"@graph\":[{\"@type\":\"Article\",\"@id\":\"https:\\\/\\\/budulov.kulturamoldava.sk\\\/ukoncila-sa-druha-rekonstrukcia-na-kulturnom-dome\\\/#article\",\"isPartOf\":{\"@id\":\"https:\\\/\\\/budulov.kulturamoldava.sk\\\/ukoncila-sa-druha-rekonstrukcia-na-kulturnom-dome\\\/\"},\"author\":{\"name\":\"kdbudulov\",\"@id\":\"https:\\\/\\\/budulov.kulturamoldava.sk\\\/#\\\/schema\\\/person\\\/f963c60671859ef8594796ab5a6b11a6\"},\"headline\":\"Ukon\u010dila sa druh\u00e1 ve\u013ek\u00e1 rekon\u0161trukcia kult\u00farn\u00e9ho domu\",\"datePublished\":\"2019-11-11T09:52:43+00:00\",\"dateModified\":\"2020-11-16T13:16:19+00:00\",\"mainEntityOfPage\":{\"@id\":\"https:\\\/\\\/budulov.kulturamoldava.sk\\\/ukoncila-sa-druha-rekonstrukcia-na-kulturnom-dome\\\/\"},\"wordCount\":431,\"image\":{\"@id\":\"https:\\\/\\\/budulov.kulturamoldava.sk\\\/ukoncila-sa-druha-rekonstrukcia-na-kulturnom-dome\\\/#primaryimage\"},\"thumbnailUrl\":\"https:\\\/\\\/budulov.kulturamoldava.sk\\\/wp-content\\\/uploads\\\/2019\\\/11\\\/ochutn\u00e1vka-v\u00edn-2019-11-e1573507614835.jpg\",\"articleSection\":[\"Nezaraden\u00e9\"],\"inLanguage\":\"hu\"},{\"@type\":\"WebPage\",\"@id\":\"https:\\\/\\\/budulov.kulturamoldava.sk\\\/ukoncila-sa-druha-rekonstrukcia-na-kulturnom-dome\\\/\",\"url\":\"https:\\\/\\\/budulov.kulturamoldava.sk\\\/ukoncila-sa-druha-rekonstrukcia-na-kulturnom-dome\\\/\",\"name\":\"Ukon\u010dila sa druh\u00e1 ve\u013ek\u00e1 rekon\u0161trukcia kult\u00farn\u00e9ho domu - Kult\u00farny dom Budulov\",\"isPartOf\":{\"@id\":\"https:\\\/\\\/budulov.kulturamoldava.sk\\\/#website\"},\"primaryImageOfPage\":{\"@id\":\"https:\\\/\\\/budulov.kulturamoldava.sk\\\/ukoncila-sa-druha-rekonstrukcia-na-kulturnom-dome\\\/#primaryimage\"},\"image\":{\"@id\":\"https:\\\/\\\/budulov.kulturamoldava.sk\\\/ukoncila-sa-druha-rekonstrukcia-na-kulturnom-dome\\\/#primaryimage\"},\"thumbnailUrl\":\"https:\\\/\\\/budulov.kulturamoldava.sk\\\/wp-content\\\/uploads\\\/2019\\\/11\\\/ochutn\u00e1vka-v\u00edn-2019-11-e1573507614835.jpg\",\"datePublished\":\"2019-11-11T09:52:43+00:00\",\"dateModified\":\"2020-11-16T13:16:19+00:00\",\"author\":{\"@id\":\"https:\\\/\\\/budulov.kulturamoldava.sk\\\/#\\\/schema\\\/person\\\/f963c60671859ef8594796ab5a6b11a6\"},\"breadcrumb\":{\"@id\":\"https:\\\/\\\/budulov.kulturamoldava.sk\\\/ukoncila-sa-druha-rekonstrukcia-na-kulturnom-dome\\\/#breadcrumb\"},\"inLanguage\":\"hu\",\"potentialAction\":[{\"@type\":\"ReadAction\",\"target\":[\"https:\\\/\\\/budulov.kulturamoldava.sk\\\/ukoncila-sa-druha-rekonstrukcia-na-kulturnom-dome\\\/\"]}]},{\"@type\":\"ImageObject\",\"inLanguage\":\"hu\",\"@id\":\"https:\\\/\\\/budulov.kulturamoldava.sk\\\/ukoncila-sa-druha-rekonstrukcia-na-kulturnom-dome\\\/#primaryimage\",\"url\":\"https:\\\/\\\/budulov.kulturamoldava.sk\\\/wp-content\\\/uploads\\\/2019\\\/11\\\/ochutn\u00e1vka-v\u00edn-2019-11-e1573507614835.jpg\",\"contentUrl\":\"https:\\\/\\\/budulov.kulturamoldava.sk\\\/wp-content\\\/uploads\\\/2019\\\/11\\\/ochutn\u00e1vka-v\u00edn-2019-11-e1573507614835.jpg\",\"width\":2900,\"height\":1934},{\"@type\":\"BreadcrumbList\",\"@id\":\"https:\\\/\\\/budulov.kulturamoldava.sk\\\/ukoncila-sa-druha-rekonstrukcia-na-kulturnom-dome\\\/#breadcrumb\",\"itemListElement\":[{\"@type\":\"ListItem\",\"position\":1,\"name\":\"Home\",\"item\":\"https:\\\/\\\/budulov.kulturamoldava.sk\\\/\"},{\"@type\":\"ListItem\",\"position\":2,\"name\":\"Ukon\u010dila sa druh\u00e1 ve\u013ek\u00e1 rekon\u0161trukcia kult\u00farn\u00e9ho domu\"}]},{\"@type\":\"WebSite\",\"@id\":\"https:\\\/\\\/budulov.kulturamoldava.sk\\\/#website\",\"url\":\"https:\\\/\\\/budulov.kulturamoldava.sk\\\/\",\"name\":\"Kult\u00farny dom Budulov\",\"description\":\"\",\"potentialAction\":[{\"@type\":\"SearchAction\",\"target\":{\"@type\":\"EntryPoint\",\"urlTemplate\":\"https:\\\/\\\/budulov.kulturamoldava.sk\\\/?s={search_term_string}\"},\"query-input\":{\"@type\":\"PropertyValueSpecification\",\"valueRequired\":true,\"valueName\":\"search_term_string\"}}],\"inLanguage\":\"hu\"},{\"@type\":\"Person\",\"@id\":\"https:\\\/\\\/budulov.kulturamoldava.sk\\\/#\\\/schema\\\/person\\\/f963c60671859ef8594796ab5a6b11a6\",\"name\":\"kdbudulov\",\"image\":{\"@type\":\"ImageObject\",\"inLanguage\":\"hu\",\"@id\":\"https:\\\/\\\/secure.gravatar.com\\\/avatar\\\/46e013fc0b19a3152ea2df2c4dc18beef7ef2b8f33bda48ee7fc7befe4126ca7?s=96&d=mm&r=g\",\"url\":\"https:\\\/\\\/secure.gravatar.com\\\/avatar\\\/46e013fc0b19a3152ea2df2c4dc18beef7ef2b8f33bda48ee7fc7befe4126ca7?s=96&d=mm&r=g\",\"contentUrl\":\"https:\\\/\\\/secure.gravatar.com\\\/avatar\\\/46e013fc0b19a3152ea2df2c4dc18beef7ef2b8f33bda48ee7fc7befe4126ca7?s=96&d=mm&r=g\",\"caption\":\"kdbudulov\"},\"url\":\"https:\\\/\\\/budulov.kulturamoldava.sk\\\/hu\\\/author\\\/kdbudulov\\\/\"}]}<\/script>\n<!-- \/ Yoast SEO plugin. -->","yoast_head_json":{"title":"Ukon\u010dila sa druh\u00e1 ve\u013ek\u00e1 rekon\u0161trukcia kult\u00farn\u00e9ho domu - Kult\u00farny dom Budulov","robots":{"index":"index","follow":"follow","max-snippet":"max-snippet:-1","max-image-preview":"max-image-preview:large","max-video-preview":"max-video-preview:-1"},"canonical":"https:\/\/budulov.kulturamoldava.sk\/hu\/ukoncila-sa-druha-rekonstrukcia-na-kulturnom-dome\/","og_locale":"hu_HU","og_type":"article","og_title":"Ukon\u010dila sa druh\u00e1 ve\u013ek\u00e1 rekon\u0161trukcia kult\u00farn\u00e9ho domu - Kult\u00farny dom Budulov","og_description":"Po dlh\u00fdch rokoch \u010dakania sa v roku 2018 za\u010dalo s renov\u00e1ciou priestorov v kult\u00farnom dome v Budulove za podpory vedenia mesta a mestsk\u00e9ho zastupite\u013estva.","og_url":"https:\/\/budulov.kulturamoldava.sk\/hu\/ukoncila-sa-druha-rekonstrukcia-na-kulturnom-dome\/","og_site_name":"Kult\u00farny dom Budulov","article_published_time":"2019-11-11T09:52:43+00:00","article_modified_time":"2020-11-16T13:16:19+00:00","og_image":[{"width":2900,"height":1934,"url":"https:\/\/budulov.kulturamoldava.sk\/wp-content\/uploads\/2019\/11\/ochutn\u00e1vka-v\u00edn-2019-11-e1573507614835.jpg","type":"image\/jpeg"}],"author":"kdbudulov","twitter_card":"summary_large_image","twitter_misc":{"Szerz\u0151:":"kdbudulov","Becs\u00fclt olvas\u00e1si id\u0151":"2 perc"},"schema":{"@context":"https:\/\/schema.org","@graph":[{"@type":"Article","@id":"https:\/\/budulov.kulturamoldava.sk\/ukoncila-sa-druha-rekonstrukcia-na-kulturnom-dome\/#article","isPartOf":{"@id":"https:\/\/budulov.kulturamoldava.sk\/ukoncila-sa-druha-rekonstrukcia-na-kulturnom-dome\/"},"author":{"name":"kdbudulov","@id":"https:\/\/budulov.kulturamoldava.sk\/#\/schema\/person\/f963c60671859ef8594796ab5a6b11a6"},"headline":"Ukon\u010dila sa druh\u00e1 ve\u013ek\u00e1 rekon\u0161trukcia kult\u00farn\u00e9ho domu","datePublished":"2019-11-11T09:52:43+00:00","dateModified":"2020-11-16T13:16:19+00:00","mainEntityOfPage":{"@id":"https:\/\/budulov.kulturamoldava.sk\/ukoncila-sa-druha-rekonstrukcia-na-kulturnom-dome\/"},"wordCount":431,"image":{"@id":"https:\/\/budulov.kulturamoldava.sk\/ukoncila-sa-druha-rekonstrukcia-na-kulturnom-dome\/#primaryimage"},"thumbnailUrl":"https:\/\/budulov.kulturamoldava.sk\/wp-content\/uploads\/2019\/11\/ochutn\u00e1vka-v\u00edn-2019-11-e1573507614835.jpg","articleSection":["Nezaraden\u00e9"],"inLanguage":"hu"},{"@type":"WebPage","@id":"https:\/\/budulov.kulturamoldava.sk\/ukoncila-sa-druha-rekonstrukcia-na-kulturnom-dome\/","url":"https:\/\/budulov.kulturamoldava.sk\/ukoncila-sa-druha-rekonstrukcia-na-kulturnom-dome\/","name":"Ukon\u010dila sa druh\u00e1 ve\u013ek\u00e1 rekon\u0161trukcia kult\u00farn\u00e9ho domu - Kult\u00farny dom Budulov","isPartOf":{"@id":"https:\/\/budulov.kulturamoldava.sk\/#website"},"primaryImageOfPage":{"@id":"https:\/\/budulov.kulturamoldava.sk\/ukoncila-sa-druha-rekonstrukcia-na-kulturnom-dome\/#primaryimage"},"image":{"@id":"https:\/\/budulov.kulturamoldava.sk\/ukoncila-sa-druha-rekonstrukcia-na-kulturnom-dome\/#primaryimage"},"thumbnailUrl":"https:\/\/budulov.kulturamoldava.sk\/wp-content\/uploads\/2019\/11\/ochutn\u00e1vka-v\u00edn-2019-11-e1573507614835.jpg","datePublished":"2019-11-11T09:52:43+00:00","dateModified":"2020-11-16T13:16:19+00:00","author":{"@id":"https:\/\/budulov.kulturamoldava.sk\/#\/schema\/person\/f963c60671859ef8594796ab5a6b11a6"},"breadcrumb":{"@id":"https:\/\/budulov.kulturamoldava.sk\/ukoncila-sa-druha-rekonstrukcia-na-kulturnom-dome\/#breadcrumb"},"inLanguage":"hu","potentialAction":[{"@type":"ReadAction","target":["https:\/\/budulov.kulturamoldava.sk\/ukoncila-sa-druha-rekonstrukcia-na-kulturnom-dome\/"]}]},{"@type":"ImageObject","inLanguage":"hu","@id":"https:\/\/budulov.kulturamoldava.sk\/ukoncila-sa-druha-rekonstrukcia-na-kulturnom-dome\/#primaryimage","url":"https:\/\/budulov.kulturamoldava.sk\/wp-content\/uploads\/2019\/11\/ochutn\u00e1vka-v\u00edn-2019-11-e1573507614835.jpg","contentUrl":"https:\/\/budulov.kulturamoldava.sk\/wp-content\/uploads\/2019\/11\/ochutn\u00e1vka-v\u00edn-2019-11-e1573507614835.jpg","width":2900,"height":1934},{"@type":"BreadcrumbList","@id":"https:\/\/budulov.kulturamoldava.sk\/ukoncila-sa-druha-rekonstrukcia-na-kulturnom-dome\/#breadcrumb","itemListElement":[{"@type":"ListItem","position":1,"name":"Home","item":"https:\/\/budulov.kulturamoldava.sk\/"},{"@type":"ListItem","position":2,"name":"Ukon\u010dila sa druh\u00e1 ve\u013ek\u00e1 rekon\u0161trukcia kult\u00farn\u00e9ho domu"}]},{"@type":"WebSite","@id":"https:\/\/budulov.kulturamoldava.sk\/#website","url":"https:\/\/budulov.kulturamoldava.sk\/","name":"Kult\u00farny dom Budulov","description":"","potentialAction":[{"@type":"SearchAction","target":{"@type":"EntryPoint","urlTemplate":"https:\/\/budulov.kulturamoldava.sk\/?s={search_term_string}"},"query-input":{"@type":"PropertyValueSpecification","valueRequired":true,"valueName":"search_term_string"}}],"inLanguage":"hu"},{"@type":"Person","@id":"https:\/\/budulov.kulturamoldava.sk\/#\/schema\/person\/f963c60671859ef8594796ab5a6b11a6","name":"kdbudulov","image":{"@type":"ImageObject","inLanguage":"hu","@id":"https:\/\/secure.gravatar.com\/avatar\/46e013fc0b19a3152ea2df2c4dc18beef7ef2b8f33bda48ee7fc7befe4126ca7?s=96&d=mm&r=g","url":"https:\/\/secure.gravatar.com\/avatar\/46e013fc0b19a3152ea2df2c4dc18beef7ef2b8f33bda48ee7fc7befe4126ca7?s=96&d=mm&r=g","contentUrl":"https:\/\/secure.gravatar.com\/avatar\/46e013fc0b19a3152ea2df2c4dc18beef7ef2b8f33bda48ee7fc7befe4126ca7?s=96&d=mm&r=g","caption":"kdbudulov"},"url":"https:\/\/budulov.kulturamoldava.sk\/hu\/author\/kdbudulov\/"}]}},"_links":{"self":[{"href":"https:\/\/budulov.kulturamoldava.sk\/hu\/wp-json\/wp\/v2\/posts\/85","targetHints":{"allow":["GET"]}}],"collection":[{"href":"https:\/\/budulov.kulturamoldava.sk\/hu\/wp-json\/wp\/v2\/posts"}],"about":[{"href":"https:\/\/budulov.kulturamoldava.sk\/hu\/wp-json\/wp\/v2\/types\/post"}],"author":[{"embeddable":true,"href":"https:\/\/budulov.kulturamoldava.sk\/hu\/wp-json\/wp\/v2\/users\/1"}],"replies":[{"embeddable":true,"href":"https:\/\/budulov.kulturamoldava.sk\/hu\/wp-json\/wp\/v2\/comments?post=85"}],"version-history":[{"count":5,"href":"https:\/\/budulov.kulturamoldava.sk\/hu\/wp-json\/wp\/v2\/posts\/85\/revisions"}],"predecessor-version":[{"id":14319,"href":"https:\/\/budulov.kulturamoldava.sk\/hu\/wp-json\/wp\/v2\/posts\/85\/revisions\/14319"}],"wp:featuredmedia":[{"embeddable":true,"href":"https:\/\/budulov.kulturamoldava.sk\/hu\/wp-json\/wp\/v2\/media\/14217"}],"wp:attachment":[{"href":"https:\/\/budulov.kulturamoldava.sk\/hu\/wp-json\/wp\/v2\/media?parent=85"}],"wp:term":[{"taxonomy":"category","embeddable":true,"href":"https:\/\/budulov.kulturamoldava.sk\/hu\/wp-json\/wp\/v2\/categories?post=85"},{"taxonomy":"post_tag","embeddable":true,"href":"https:\/\/budulov.kulturamoldava.sk\/hu\/wp-json\/wp\/v2\/tags?post=85"}],"curies":[{"name":"wp","href":"https:\/\/api.w.org\/{rel}","templated":true}]}}